{"id":751,"date":"2017-09-29T08:30:16","date_gmt":"2017-09-29T11:30:16","guid":{"rendered":"http:\/\/www.cmc.com.br\/hispanidad\/?p=751"},"modified":"2017-09-29T08:30:16","modified_gmt":"2017-09-29T11:30:16","slug":"la-residencia","status":"publish","type":"post","link":"https:\/\/www.cmc.com.br\/hispanidad2017\/la-residencia\/","title":{"rendered":"La Residencia"},"content":{"rendered":"<p><em>La casa de la Edad de Plata.<\/em><\/p>\n<p>Por: Emilia Pozas Garcia y Violeta Devotto Iglesias|29\/09\/2017<\/p>\n<p><span style=\"font-weight: 400;\">Fundada el 1 de octubre de 1910 por la junta para Ampliaci\u00f3n de Estudios, producto de las ideas del krausista Francisco Giner de los R\u00edos, la Residencia de estudiantes sigue en pie hasta el dia de hoy. Un lugar cultural de prospecci\u00f3n intelectual, hogar de muchos estudiantes y encuentro de di\u00e1logos internacionales. <\/span><\/p>\n<p><span style=\"font-weight: 400;\">De la Residencia salieron varios pintores, cient\u00edficos y poetas como Federico Garc\u00eda Lorca, Salvador Dal\u00ed y Lu\u00eds Bu\u00f1uel, fue cerrada tras el golpe de estado contra la 2\u00aa rep\u00fablica por el exilio de la mayor\u00eda de sus estudiantes, pero en 1986 volvieron a abrirla. En la actualidad se dedica a recuperar las memorias hist\u00f3ricas de la Edad de Plata de la cultura espa\u00f1ola (<\/span><span style=\"font-weight: 400;\">1868\u20131936) a trav\u00e9s de exposiciones y actos p\u00fablicos. <\/span><\/p>\n<p><a href=\"https:\/\/goo.gl\/FZk5HB\"><span style=\"font-weight: 400;\">https:\/\/goo.gl\/FZk5HB<\/span><\/a> <a href=\"https:\/\/goo.gl\/eHKcwk\"><span style=\"font-weight: 400;\">https:\/\/goo.gl\/eHKcwk<\/span><\/a><\/p>\n","protected":false},"excerpt":{"rendered":"<p>La casa de la Edad de Plata. Por: Emilia Pozas Garcia y Violeta Devotto Iglesias|29\/09\/2017 Fundada el 1 de octubre de 1910 por la junta para Ampliaci\u00f3n de Estudios, producto de las ideas del krausista Francisco Giner de los R\u00edos, la Residencia de estudiantes sigue en pie hasta el dia de hoy. Un lugar cultural [&hellip;]<\/p>\n","protected":false},"author":14,"featured_media":0,"comment_status":"open","ping_status":"open","sticky":false,"template":"","format":"standard","meta":{"footnotes":""},"categories":[3],"tags":[],"class_list":["post-751","post","type-post","status-publish","format-standard","hentry","category-1-ciclo"],"_links":{"self":[{"href":"https:\/\/www.cmc.com.br\/hispanidad2017\/wp-json\/wp\/v2\/posts\/751","targetHints":{"allow":["GET"]}}],"collection":[{"href":"https:\/\/www.cmc.com.br\/hispanidad2017\/wp-json\/wp\/v2\/posts"}],"about":[{"href":"https:\/\/www.cmc.com.br\/hispanidad2017\/wp-json\/wp\/v2\/types\/post"}],"author":[{"embeddable":true,"href":"https:\/\/www.cmc.com.br\/hispanidad2017\/wp-json\/wp\/v2\/users\/14"}],"replies":[{"embeddable":true,"href":"https:\/\/www.cmc.com.br\/hispanidad2017\/wp-json\/wp\/v2\/comments?post=751"}],"version-history":[{"count":0,"href":"https:\/\/www.cmc.com.br\/hispanidad2017\/wp-json\/wp\/v2\/posts\/751\/revisions"}],"wp:attachment":[{"href":"https:\/\/www.cmc.com.br\/hispanidad2017\/wp-json\/wp\/v2\/media?parent=751"}],"wp:term":[{"taxonomy":"category","embeddable":true,"href":"https:\/\/www.cmc.com.br\/hispanidad2017\/wp-json\/wp\/v2\/categories?post=751"},{"taxonomy":"post_tag","embeddable":true,"href":"https:\/\/www.cmc.com.br\/hispanidad2017\/wp-json\/wp\/v2\/tags?post=751"}],"curies":[{"name":"wp","href":"https:\/\/api.w.org\/{rel}","templated":true}]}}