{"id":753,"date":"2017-09-29T09:03:20","date_gmt":"2017-09-29T12:03:20","guid":{"rendered":"http:\/\/www.cmc.com.br\/hispanidad\/?p=753"},"modified":"2017-09-29T09:03:20","modified_gmt":"2017-09-29T12:03:20","slug":"los-autores-de-caligramas","status":"publish","type":"post","link":"https:\/\/www.cmc.com.br\/hispanidad2017\/los-autores-de-caligramas\/","title":{"rendered":"Los autores de caligramas"},"content":{"rendered":"<p><em>Alumnos de 2\u00ba y 3er a\u00f1o de primaria trabajan como autores de caligramas.<\/em><\/p>\n<p>Por: Emilia Pozas Garcia|29\/09\/2017<\/p>\n<p><span style=\"font-weight: 400;\">En la literatura espa\u00f1ola tenemos interesantes autores de caligramas como Guillermo de Torre, uno de los impulsores del ultra\u00edsmo literario, Juan Larrea, una de las mayores figuras de la poes\u00eda vanguardista espa\u00f1ola y tambi\u00e9n Gerardo Diego que alter\u00f3 a poes\u00eda tradicional y vanguardista. <\/span><\/p>\n<p><span style=\"font-weight: 400;\">As\u00ed como estos famosos autores, los alumnos de 2\u00ba junto con los de 3er a\u00f1o de primaria fueron divididos en grupos de 4 o 5 personas, cada uno escogi\u00f3 su tema e hicieron los caligramas que est\u00e1n expuestos en el stand de La Barraca, tambi\u00e9n hicieron un video en el que los visitantes de la Hispanidad podr\u00e1n ver c\u00f3mo fueron producidos los caligramas.<\/span><\/p>\n<p><span style=\"font-weight: 400;\">Fuentes: <\/span><a href=\"https:\/\/es.wikipedia.org\/wiki\/Caligrama\"><span style=\"font-weight: 400;\">https:\/\/es.wikipedia.org\/wiki\/Caligrama<\/span><\/a><\/p>\n","protected":false},"excerpt":{"rendered":"<p>Alumnos de 2\u00ba y 3er a\u00f1o de primaria trabajan como autores de caligramas. Por: Emilia Pozas Garcia|29\/09\/2017 En la literatura espa\u00f1ola tenemos interesantes autores de caligramas como Guillermo de Torre, uno de los impulsores del ultra\u00edsmo literario, Juan Larrea, una de las mayores figuras de la poes\u00eda vanguardista espa\u00f1ola y tambi\u00e9n Gerardo Diego que alter\u00f3 [&hellip;]<\/p>\n","protected":false},"author":14,"featured_media":0,"comment_status":"open","ping_status":"open","sticky":false,"template":"","format":"standard","meta":{"footnotes":""},"categories":[3],"tags":[],"class_list":["post-753","post","type-post","status-publish","format-standard","hentry","category-1-ciclo"],"_links":{"self":[{"href":"https:\/\/www.cmc.com.br\/hispanidad2017\/wp-json\/wp\/v2\/posts\/753","targetHints":{"allow":["GET"]}}],"collection":[{"href":"https:\/\/www.cmc.com.br\/hispanidad2017\/wp-json\/wp\/v2\/posts"}],"about":[{"href":"https:\/\/www.cmc.com.br\/hispanidad2017\/wp-json\/wp\/v2\/types\/post"}],"author":[{"embeddable":true,"href":"https:\/\/www.cmc.com.br\/hispanidad2017\/wp-json\/wp\/v2\/users\/14"}],"replies":[{"embeddable":true,"href":"https:\/\/www.cmc.com.br\/hispanidad2017\/wp-json\/wp\/v2\/comments?post=753"}],"version-history":[{"count":0,"href":"https:\/\/www.cmc.com.br\/hispanidad2017\/wp-json\/wp\/v2\/posts\/753\/revisions"}],"wp:attachment":[{"href":"https:\/\/www.cmc.com.br\/hispanidad2017\/wp-json\/wp\/v2\/media?parent=753"}],"wp:term":[{"taxonomy":"category","embeddable":true,"href":"https:\/\/www.cmc.com.br\/hispanidad2017\/wp-json\/wp\/v2\/categories?post=753"},{"taxonomy":"post_tag","embeddable":true,"href":"https:\/\/www.cmc.com.br\/hispanidad2017\/wp-json\/wp\/v2\/tags?post=753"}],"curies":[{"name":"wp","href":"https:\/\/api.w.org\/{rel}","templated":true}]}}